{"id":1157,"date":"2026-02-16T17:36:38","date_gmt":"2026-02-16T16:36:38","guid":{"rendered":"https:\/\/ulisesgrc.com\/2026\/02\/16\/canal-de-denuncias-e-o-momento-de-comunicar-o-responsavel-interno-do-si\/"},"modified":"2026-03-06T20:18:42","modified_gmt":"2026-03-06T19:18:42","slug":"canal-de-denuncias-e-o-momento-de-comunicar-o-responsavel-interno-do-si","status":"publish","type":"post","link":"https:\/\/ulisesgrc.com\/pt-pt\/2026\/02\/16\/canal-de-denuncias-e-o-momento-de-comunicar-o-responsavel-interno-do-si\/","title":{"rendered":"Canal de den\u00fancias: \u00e9 o momento de comunicar o Respons\u00e1vel Interno do SI"},"content":{"rendered":"\t\t<div data-elementor-type=\"wp-post\" data-elementor-id=\"1157\" class=\"elementor elementor-1157 elementor-1101\">\n\t\t\t\t<div class=\"has_eae_slider elementor-element elementor-element-19886c6 e-flex e-con-boxed e-con e-parent\" data-eae-slider=\"2949\" data-id=\"19886c6\" data-element_type=\"container\">\n\t\t\t\t\t<div class=\"e-con-inner\">\n\t\t\t\t<div class=\"elementor-element elementor-element-2ff92a7d elementor-widget elementor-widget-text-editor\" data-id=\"2ff92a7d\" data-element_type=\"widget\" data-widget_type=\"text-editor.default\">\n\t\t\t\t<div class=\"elementor-widget-container\">\n\t\t\t\t\t\t\t\t\t<p data-start=\"199\" data-end=\"394\">Muitas organiza\u00e7\u00f5es j\u00e1 implementaram o seu canal interno de informa\u00e7\u00e3o em conformidade com a Lei 2\/2023. Aprovaram o procedimento, disponibilizaram a ferramenta e comunicaram internamente a sua exist\u00eancia. <\/p>\n<p data-start=\"396\" data-end=\"578\">No entanto, existe uma obriga\u00e7\u00e3o formal que em numerosos casos continua pendente: <strong data-start=\"478\" data-end=\"577\">a comunica\u00e7\u00e3o do Respons\u00e1vel Interno do Sistema de Informa\u00e7\u00e3o \u00e0 autoridade competente<\/strong>.<\/p>\n<p data-start=\"580\" data-end=\"654\">Ter o canal ativo n\u00e3o implica ter cumprido integralmente a norma.<\/p>\n\n<h2 data-start=\"661\" data-end=\"694\">O que exige exatamente a Lei?<\/h2>\n<p data-start=\"696\" data-end=\"752\">A Lei 2\/2023 estabelece tr\u00eas obriga\u00e7\u00f5es estruturais:<\/p>\n\n<ol data-start=\"754\" data-end=\"913\">\n \t<li data-start=\"754\" data-end=\"801\">\n<p data-start=\"757\" data-end=\"801\">Implementar um Sistema Interno de Informa\u00e7\u00e3o.<\/p>\n<\/li>\n \t<li data-start=\"802\" data-end=\"855\">\n<p data-start=\"805\" data-end=\"855\">Designar formalmente um Respons\u00e1vel do Sistema.<\/p>\n<\/li>\n \t<li data-start=\"856\" data-end=\"913\">\n<p data-start=\"859\" data-end=\"913\">Comunicar essa designa\u00e7\u00e3o \u00e0 autoridade competente.<\/p>\n<\/li>\n<\/ol>\n<p data-start=\"915\" data-end=\"1110\">No \u00e2mbito estatal, a supervis\u00e3o compete \u00e0<br data-start=\"968\" data-end=\"971\"><strong data-start=\"971\" data-end=\"1012\"><span class=\"hover:entity-accent entity-underline inline cursor-pointer align-baseline\"><span class=\"whitespace-normal\">Autoridade Independente de Prote\u00e7\u00e3o do Denunciante<\/span><\/span><\/strong>, organismo encarregado de garantir a correta aplica\u00e7\u00e3o do quadro de prote\u00e7\u00e3o do denunciante.<\/p>\n<p data-start=\"1112\" data-end=\"1252\">A comunica\u00e7\u00e3o deve ser realizada atrav\u00e9s da sua sede eletr\u00f3nica:<br data-start=\"1176\" data-end=\"1179\"><a class=\"decorated-link\" href=\"https:\/\/sede.proteccioninformante.gob.es\/procedimientos\/index\/categoria\/1\" target=\"_new\" rel=\"noopener\" data-start=\"1179\" data-end=\"1252\">https:\/\/sede.proteccioninformante.gob.es\/procedimientos\/index\/categoria\/1<\/a><\/p>\n<p data-start=\"1254\" data-end=\"1336\">O prazo atualmente fixado para efetuar esta comunica\u00e7\u00e3o \u00e9 <strong data-start=\"1320\" data-end=\"1335\">20 de abril<\/strong>.<\/p>\n\n<h2 data-start=\"1343\" data-end=\"1367\">Quem est\u00e1 obrigado?<\/h2>\n<p data-start=\"1369\" data-end=\"1389\">Entre outros sujeitos:<\/p>\n\n<ul data-start=\"1391\" data-end=\"1641\">\n \t<li data-start=\"1391\" data-end=\"1441\">\n<p data-start=\"1393\" data-end=\"1441\">Empresas privadas com <strong data-start=\"1415\" data-end=\"1440\">50 ou mais trabalhadores<\/strong>.<\/p>\n<\/li>\n \t<li data-start=\"1442\" data-end=\"1473\">\n<p data-start=\"1444\" data-end=\"1473\">Entidades do setor p\u00fablico.<\/p>\n<\/li>\n \t<li data-start=\"1474\" data-end=\"1535\">\n<p data-start=\"1476\" data-end=\"1535\">Grupos empresariais que tenham optado por um sistema comum.<\/p>\n<\/li>\n \t<li data-start=\"1536\" data-end=\"1641\">\n<p data-start=\"1538\" data-end=\"1641\">Organiza\u00e7\u00f5es obrigadas por normativa setorial espec\u00edfica, ainda que n\u00e3o atinjam o limiar de efetivos.<\/p>\n<\/li>\n<\/ul>\n<h2 data-start=\"1648\" data-end=\"1714\">O erro habitual: cumprimento t\u00e9cnico sem cumprimento formal<\/h2>\n<p data-start=\"1716\" data-end=\"1777\">Na pr\u00e1tica estamos a detetar uma situa\u00e7\u00e3o recorrente:<\/p>\n<p data-start=\"1779\" data-end=\"1909\">Organiza\u00e7\u00f5es que disp\u00f5em de canal operativo, mas que <strong data-start=\"1836\" data-end=\"1908\">n\u00e3o formalizaram a comunica\u00e7\u00e3o do Respons\u00e1vel \u00e0 autoridade<\/strong>.<\/p>\n<p data-start=\"1911\" data-end=\"1987\">Numa perspetiva de compliance, isto implica um cumprimento parcial.<\/p>\n<p data-start=\"1989\" data-end=\"2196\">A comunica\u00e7\u00e3o faz parte do modelo de governan\u00e7a do sistema, garante a rastreabilidade do respons\u00e1vel designado e pode ser objeto de verifica\u00e7\u00e3o ou solicita\u00e7\u00e3o por parte da autoridade supervisora.<\/p>\n\n<h2 data-start=\"2203\" data-end=\"2242\">Que riscos implica n\u00e3o comunic\u00e1-lo?<\/h2>\n<p data-start=\"2244\" data-end=\"2279\">O incumprimento pode resultar em:<\/p>\n\n<ul data-start=\"2281\" data-end=\"2473\">\n \t<li data-start=\"2281\" data-end=\"2307\">\n<p data-start=\"2283\" data-end=\"2307\">Solicita\u00e7\u00f5es formais.<\/p>\n<\/li>\n \t<li data-start=\"2308\" data-end=\"2351\">\n<p data-start=\"2310\" data-end=\"2351\">Abertura de procedimentos sancionat\u00f3rios.<\/p>\n<\/li>\n \t<li data-start=\"2352\" data-end=\"2414\">\n<p data-start=\"2354\" data-end=\"2414\">Enfraquecimento do modelo de cumprimento perante inspe\u00e7\u00f5es.<\/p>\n<\/li>\n \t<li data-start=\"2415\" data-end=\"2473\">\n<p data-start=\"2417\" data-end=\"2473\">Exposi\u00e7\u00e3o reputacional em caso de revis\u00e3o regulat\u00f3ria.<\/p>\n<\/li>\n<\/ul>\n<p data-start=\"2475\" data-end=\"2614\">Em ambientes regulat\u00f3rios cada vez mais exigentes, estes &#8220;detalhes formais&#8221; s\u00e3o precisamente os que determinam a solidez real do sistema.<\/p>\n\n<h2 data-start=\"2621\" data-end=\"2646\">Recomenda\u00e7\u00e3o pr\u00e1tica<\/h2>\n<p data-start=\"2648\" data-end=\"2678\">Conv\u00e9m rever internamente:<\/p>\n\n<ul data-start=\"2680\" data-end=\"2925\">\n \t<li data-start=\"2680\" data-end=\"2784\">\n<p data-start=\"2682\" data-end=\"2784\">Que o Respons\u00e1vel do Sistema foi designado formalmente (mediante acordo do \u00f3rg\u00e3o competente).<\/p>\n<\/li>\n \t<li data-start=\"2785\" data-end=\"2852\">\n<p data-start=\"2787\" data-end=\"2852\">Que a comunica\u00e7\u00e3o \u00e0 autoridade foi realizada corretamente.<\/p>\n<\/li>\n \t<li data-start=\"2853\" data-end=\"2925\">\n<p data-start=\"2855\" data-end=\"2925\">Que os dados est\u00e3o atualizados em caso de altera\u00e7\u00f5es na designa\u00e7\u00e3o.<\/p>\n<\/li>\n<\/ul>\n<p data-start=\"2927\" data-end=\"3057\">Se a sua organiza\u00e7\u00e3o j\u00e1 tem canal implementado, este \u00e9 um bom momento para verificar que o cumprimento \u00e9 completo e n\u00e3o parcial.<\/p>\t\t\t\t\t\t\t\t<\/div>\n\t\t\t\t<\/div>\n\t\t\t\t\t<\/div>\n\t\t\t\t<\/div>\n\t\t<div class=\"has_eae_slider elementor-element elementor-element-827345f e-flex e-con-boxed e-con e-parent\" data-eae-slider=\"33057\" data-id=\"827345f\" data-element_type=\"container\">\n\t\t\t\t\t<div class=\"e-con-inner\">\n\t\t\t\t<div class=\"elementor-element elementor-element-445d657 elementor-align-center elementor-widget elementor-widget-button\" data-id=\"445d657\" data-element_type=\"widget\" data-widget_type=\"button.default\">\n\t\t\t\t<div class=\"elementor-widget-container\">\n\t\t\t\t\t\t\t\t\t<div class=\"elementor-button-wrapper\">\n\t\t\t\t\t<a class=\"elementor-button elementor-button-link elementor-size-sm\" href=\"https:\/\/ulisesgrc.com\/contactar\/\" target=\"_blank\">\n\t\t\t\t\t\t<span class=\"elementor-button-content-wrapper\">\n\t\t\t\t\t\t\t\t\t<span class=\"elementor-button-text\">Contacta connosco<\/span>\n\t\t\t\t\t<\/span>\n\t\t\t\t\t<\/a>\n\t\t\t\t<\/div>\n\t\t\t\t\t\t\t\t<\/div>\n\t\t\t\t<\/div>\n\t\t\t\t\t<\/div>\n\t\t\t\t<\/div>\n\t\t\t\t<\/div>\n\t\t","protected":false},"excerpt":{"rendered":"<p>Muitas organiza\u00e7\u00f5es j\u00e1 implementaram o seu canal interno de informa\u00e7\u00e3o em conformidade com a Lei 2\/2023. Aprovaram o procedimento, disponibilizaram a ferramenta e comunicaram internamente a sua exist\u00eancia. No entanto, existe uma obriga\u00e7\u00e3o formal que em numerosos casos continua pendente: a comunica\u00e7\u00e3o do Respons\u00e1vel Interno do Sistema de Informa\u00e7\u00e3o \u00e0 autoridade competente. Ter o canal [&hellip;]<\/p>\n","protected":false},"author":2,"featured_media":1156,"comment_status":"closed","ping_status":"open","sticky":false,"template":"","format":"standard","meta":{"footnotes":""},"categories":[53,56],"tags":[],"class_list":["post-1157","post","type-post","status-publish","format-standard","has-post-thumbnail","hentry","category-blogue","category-canal-de-denuncias"],"_links":{"self":[{"href":"https:\/\/ulisesgrc.com\/pt-pt\/wp-json\/wp\/v2\/posts\/1157","targetHints":{"allow":["GET"]}}],"collection":[{"href":"https:\/\/ulisesgrc.com\/pt-pt\/wp-json\/wp\/v2\/posts"}],"about":[{"href":"https:\/\/ulisesgrc.com\/pt-pt\/wp-json\/wp\/v2\/types\/post"}],"author":[{"embeddable":true,"href":"https:\/\/ulisesgrc.com\/pt-pt\/wp-json\/wp\/v2\/users\/2"}],"replies":[{"embeddable":true,"href":"https:\/\/ulisesgrc.com\/pt-pt\/wp-json\/wp\/v2\/comments?post=1157"}],"version-history":[{"count":1,"href":"https:\/\/ulisesgrc.com\/pt-pt\/wp-json\/wp\/v2\/posts\/1157\/revisions"}],"predecessor-version":[{"id":1160,"href":"https:\/\/ulisesgrc.com\/pt-pt\/wp-json\/wp\/v2\/posts\/1157\/revisions\/1160"}],"wp:featuredmedia":[{"embeddable":true,"href":"https:\/\/ulisesgrc.com\/pt-pt\/wp-json\/wp\/v2\/media\/1156"}],"wp:attachment":[{"href":"https:\/\/ulisesgrc.com\/pt-pt\/wp-json\/wp\/v2\/media?parent=1157"}],"wp:term":[{"taxonomy":"category","embeddable":true,"href":"https:\/\/ulisesgrc.com\/pt-pt\/wp-json\/wp\/v2\/categories?post=1157"},{"taxonomy":"post_tag","embeddable":true,"href":"https:\/\/ulisesgrc.com\/pt-pt\/wp-json\/wp\/v2\/tags?post=1157"}],"curies":[{"name":"wp","href":"https:\/\/api.w.org\/{rel}","templated":true}]}}